{"id":6007,"date":"2019-02-05T14:15:35","date_gmt":"2019-02-05T13:15:35","guid":{"rendered":"http:\/\/www.scalesi.fr\/?p=6007"},"modified":"2019-02-05T14:32:04","modified_gmt":"2019-02-05T13:32:04","slug":"vos-5-resolutions-it-pour-2019","status":"publish","type":"post","link":"https:\/\/www.scalesi.fr\/index.php\/2019\/02\/05\/vos-5-resolutions-it-pour-2019\/","title":{"rendered":"Vos 5 r\u00e9solutions IT pour 2019 !"},"content":{"rendered":"<p>La p\u00e9riode des v\u0153ux du mois de Janvier est pass\u00e9e mais ce n\u2019est pas pour autant qu\u2019il faut d\u00e9j\u00e0 d\u00e9laisser ses bonnes r\u00e9solutions\u00a0!<\/p>\n<p>L\u2019informatique \u00e9tant un axe essentiel de votre strat\u00e9gie d\u2019entreprise, nous avons identifi\u00e9 5 points \u00e0 voir ou revoir pour votre syst\u00e8me d\u2019information en ce d\u00e9but d\u2019ann\u00e9e 2019\u00a0:<\/p>\n<ul>\n<li><strong>La v\u00e9rification de votre mat\u00e9riel<\/strong><\/li>\n<\/ul>\n<p>Votre mat\u00e9riel est dat\u00e9 et sans aucune garantie constructeur\u00a0? Le premier \u00e9l\u00e9ment est de d\u00e9terminer depuis combien de temps vos mat\u00e9riels sont en service et quels sont vos usages au quotidien. Que cela soit des postes de travail ou votre environnement serveur, d\u00e9terminez d\u00e8s maintenant s\u2019il convient d\u2019effectuer des ajustements mat\u00e9riels au cour de l\u2019ann\u00e9e.<\/p>\n<p style=\"text-align: center;\"><strong>L\u2019avantage :<br \/>\n<\/strong><strong>Anticiper le renouvellement de mat\u00e9riel permet de planifier en amont les interventions de votre prestataire et de rendre quasi transparente la transition d\u2019environnement<\/strong><\/p>\n<ul>\n<li><strong>Votre environnement est-il correctement sauvegard\u00e9\u00a0?<\/strong><\/li>\n<\/ul>\n<p>Et si le d\u00e9but d&rsquo;ann\u00e9e \u00e9tait le bon moment pour faire le point sur son plan de sauvegarde\u00a0? Peut-\u00eatre m\u00eame envisager l\u2019externalisation dans un Datacenter s\u00e9curis\u00e9 ? N\u2019h\u00e9sitez pas \u00e0 relire nos articles de Septembre et F\u00e9vrier ou nous vous en parlions d\u00e9j\u00e0\u00a0!<\/p>\n<p style=\"text-align: center;\"><strong>L\u2019avantage :<br \/>\n<\/strong><strong>Prot\u00e9ger vos donn\u00e9es en cas d&rsquo;incident<\/strong><\/p>\n<ul>\n<li><strong>Etes-vous prot\u00e9g\u00e9s contre les menaces ext\u00e9rieures\u00a0?<\/strong><\/li>\n<\/ul>\n<p>Lorsque l\u2019on parle d\u2019un syst\u00e8me d\u2019information dans son ensemble, il ne faut pas n\u00e9gliger sa s\u00e9curit\u00e9. 2018 fut encore une ann\u00e9e ou beaucoup d\u2019entreprises ont vu leur S.I impact\u00e9 par des programmes malveillants. Parmi ceux-ci, nous attirons votre attention sur les Ransomware et sur les bonnes pratiques \u00e0 diffuser au sein de votre entreprise pour vous pr\u00e9munir au maximum de cette menace. De plus, d\u00e9ployer au sein de son S.I un Anti-Virus nouvelle g\u00e9n\u00e9ration, analysant les comportements utilisateurs, permet de s\u00e9curiser plus efficacement son environnement informatique contre ces menaces.<\/p>\n<p style=\"text-align: center;\"><strong>L\u2019avantage :<br \/>\n<\/strong><strong>Pr\u00e9munir son S.I des actions malveillantes<\/strong><\/p>\n<ul>\n<li><strong>La maintenance de votre S.I<\/strong><\/li>\n<\/ul>\n<p>Avez-vous d\u00e9j\u00e0 envisager l\u2019infog\u00e9rance de votre S.I\u00a0? Est-ce que les points d\u2019entr\u00e9es en cas de probl\u00e9matique IT sont bien identifi\u00e9s au sein de vos \u00e9quipes\u00a0? Ce d\u00e9but d&rsquo;ann\u00e9e est l\u2019occasion pour vous de faire le point sur la gestion de votre S.I. Quels sont les actions pr\u00e9ventives et\/ou correctives mises en place\u00a0? Ces questions vous permettront d\u2019appliquer de bonnes pratiques pour votre S.I et d\u2019identifier la prestation \u00e0 mettre en place dans votre organisation.<\/p>\n<p style=\"text-align: center;\"><strong>L\u2019avantage :<br \/>\n<\/strong><strong>Pr\u00e9vention, d\u00e9tection et r\u00e9solution des probl\u00e8mes plus rapides<\/strong><\/p>\n<ul>\n<li><strong>Votre environnement informatique est-il conforme\u00a0?<\/strong><\/li>\n<\/ul>\n<p>Au fil des ann\u00e9es votre syst\u00e8me d\u2019information s\u2019est vu ajout\u00e9 des solutions logicielles et\/ou mat\u00e9rielles. Des r\u00e8gles de conformit\u00e9 dict\u00e9es par les \u00e9diteurs et constructeur peuvent s\u2019appliquer \u00e0 ces solutions. Vous ne savez pas ou vous en \u00eates\u00a0? Il est peut-\u00eatre temps de faire un audit complet de et de r\u00e9ajuster la \u00ab\u00a0Roadmap\u00a0\u00bb de votre S.I.<\/p>\n<p style=\"text-align: center;\"><strong>L\u2019avantage :<br \/>\n<\/strong><strong>Un point complet mat\u00e9riel, logiciel et conformit\u00e9 pour identifier les axes d\u2019am\u00e9lioration de votre S.I<\/strong><\/p>\n<p>N&rsquo;h\u00e9sitez pas \u00e0 nous contacter si vous souhaitez aller plus loin sur un ou plusieurs sujets abord\u00e9s !<br \/>\nL&rsquo;\u00e9quipe ScaleSI<\/p>\n","protected":false},"excerpt":{"rendered":"<p>La p\u00e9riode des v\u0153ux du mois de Janvier est pass\u00e9e mais ce n\u2019est pas pour autant qu\u2019il faut d\u00e9j\u00e0 d\u00e9laisser ses bonnes r\u00e9solutions\u00a0! L\u2019informatique \u00e9tant un axe essentiel de votre strat\u00e9gie d\u2019entreprise, nous avons identifi\u00e9 5 points \u00e0 voir ou revoir pour votre syst\u00e8me d\u2019information en ce d\u00e9but d\u2019ann\u00e9e 2019\u00a0: La v\u00e9rification de votre mat\u00e9riel [&hellip;]<\/p>\n","protected":false},"author":2,"featured_media":5919,"comment_status":"closed","ping_status":"closed","sticky":false,"template":"","format":"standard","meta":{"footnotes":""},"categories":[26],"tags":[71,76,10,13,85,4,84,55,11],"class_list":["post-6007","post","type-post","status-publish","format-standard","has-post-thumbnail","hentry","category-blog","tag-dsi","tag-infogerance","tag-informatique","tag-infrastructure","tag-poste","tag-sauvegarde","tag-securite","tag-serveur","tag-tours"],"_links":{"self":[{"href":"https:\/\/www.scalesi.fr\/index.php\/wp-json\/wp\/v2\/posts\/6007","targetHints":{"allow":["GET"]}}],"collection":[{"href":"https:\/\/www.scalesi.fr\/index.php\/wp-json\/wp\/v2\/posts"}],"about":[{"href":"https:\/\/www.scalesi.fr\/index.php\/wp-json\/wp\/v2\/types\/post"}],"author":[{"embeddable":true,"href":"https:\/\/www.scalesi.fr\/index.php\/wp-json\/wp\/v2\/users\/2"}],"replies":[{"embeddable":true,"href":"https:\/\/www.scalesi.fr\/index.php\/wp-json\/wp\/v2\/comments?post=6007"}],"version-history":[{"count":5,"href":"https:\/\/www.scalesi.fr\/index.php\/wp-json\/wp\/v2\/posts\/6007\/revisions"}],"predecessor-version":[{"id":6020,"href":"https:\/\/www.scalesi.fr\/index.php\/wp-json\/wp\/v2\/posts\/6007\/revisions\/6020"}],"wp:featuredmedia":[{"embeddable":true,"href":"https:\/\/www.scalesi.fr\/index.php\/wp-json\/wp\/v2\/media\/5919"}],"wp:attachment":[{"href":"https:\/\/www.scalesi.fr\/index.php\/wp-json\/wp\/v2\/media?parent=6007"}],"wp:term":[{"taxonomy":"category","embeddable":true,"href":"https:\/\/www.scalesi.fr\/index.php\/wp-json\/wp\/v2\/categories?post=6007"},{"taxonomy":"post_tag","embeddable":true,"href":"https:\/\/www.scalesi.fr\/index.php\/wp-json\/wp\/v2\/tags?post=6007"}],"curies":[{"name":"wp","href":"https:\/\/api.w.org\/{rel}","templated":true}]}}