{"id":5330,"date":"2017-11-15T16:13:45","date_gmt":"2017-11-15T15:13:45","guid":{"rendered":"http:\/\/www.scalesi.fr\/?p=5330"},"modified":"2018-08-22T13:17:44","modified_gmt":"2018-08-22T12:17:44","slug":"reglement-europeen-sur-la-protection-des-donnees-kesako","status":"publish","type":"post","link":"https:\/\/www.scalesi.fr\/index.php\/2017\/11\/15\/reglement-europeen-sur-la-protection-des-donnees-kesako\/","title":{"rendered":"R\u00e8glement europ\u00e9en sur la protection des donn\u00e9es \u2013 KESAKO\u00a0?"},"content":{"rendered":"<p><img fetchpriority=\"high\" decoding=\"async\" class=\"aligncenter wp-image-5331\" src=\"https:\/\/www.scalesi.fr\/wp-content\/uploads\/2017\/11\/rgpd_fr.jpg\" alt=\"\" width=\"469\" height=\"155\" \/><\/p>\n<p>Le r\u00e8glement europ\u00e9en sur la protection des donn\u00e9es, ou RGPD, est une r\u00e9forme du droit au niveau europ\u00e9en, obligeant les entreprises \u00e0 renforcer la s\u00e9curit\u00e9 des donn\u00e9es personnelles qu\u2019elle h\u00e9berge avant Mai 2018.<\/p>\n<p>A qui s\u2019adresse cette r\u00e9forme\u00a0?<\/p>\n<ul>\n<li>Toute entreprise ou collectivit\u00e9 h\u00e9bergeant des donn\u00e9es personnelles (Maires, Communaut\u00e9s de Commune, Commerce avec carte de fid\u00e9lit\u00e9 etc.)<\/li>\n<\/ul>\n<p><img decoding=\"async\" class=\"wp-image-5343 alignright\" src=\"https:\/\/www.scalesi.fr\/wp-content\/uploads\/2017\/11\/9.3.jpg\" alt=\"\" width=\"183\" height=\"181\" \/><\/p>\n<p>3 objectifs majeurs\u00a0:<\/p>\n<ul>\n<li>Renforcer les droits des personnes, notamment par la cr\u00e9ation d\u2019un droit \u00e0 la portabilit\u00e9 des donn\u00e9es personnelles et de dispositions propres aux personnes mineures ;<\/li>\n<li>Responsabiliser les acteurs traitant des donn\u00e9es (responsables de traitement et sous-traitants) ;<\/li>\n<li>Cr\u00e9dibiliser la r\u00e9gulation gr\u00e2ce \u00e0 une coop\u00e9ration renforc\u00e9e entre les autorit\u00e9s de protection des donn\u00e9es, qui pourront notamment adopter des d\u00e9cisions communes lorsque les traitements de donn\u00e9es seront transnationaux et des sanctions renforc\u00e9es.<\/li>\n<\/ul>\n<p>ScaleSI se veut \u00eatre aux avants postes sur ce sujet et propose d\u2019ores et d\u00e9j\u00e0 son expertise sur l\u2019ensemble des points de la r\u00e9forme. Fort de son exp\u00e9rience sur des syst\u00e8mes d\u2019informations complexe, ScaleSI souhaite devenir votre interlocuteur unique afin d\u2019analyser, identifier et s\u00e9curiser les donn\u00e9es personnelles h\u00e9berg\u00e9es par votre entreprise.<\/p>\n<p>Parce que toutes les structures n\u2019ont pas la possibilit\u00e9 de d\u00e9signer un responsable de traitement des donn\u00e9es, nous vous proposons notre accompagnement afin d\u2019externaliser ce processus et \u00eatre en conformit\u00e9 avant Mai 2018.<\/p>\n<p>N\u2019h\u00e9sitez pas \u00e0 nous contacter pour connaitre l\u2019ensemble de nos solutions li\u00e9es \u00e0 cette r\u00e9forme et \u00eatre RGPD Ready\u00a0!<\/p>\n<p>L&rsquo;\u00e9quipe ScaleSI<\/p>\n","protected":false},"excerpt":{"rendered":"<p>Le r\u00e8glement europ\u00e9en sur la protection des donn\u00e9es, ou RGPD, est une r\u00e9forme du droit au niveau europ\u00e9en, obligeant les entreprises \u00e0 renforcer la s\u00e9curit\u00e9 des donn\u00e9es personnelles qu\u2019elle h\u00e9berge avant Mai 2018. A qui s\u2019adresse cette r\u00e9forme\u00a0? Toute entreprise ou collectivit\u00e9 h\u00e9bergeant des donn\u00e9es personnelles (Maires, Communaut\u00e9s de Commune, Commerce avec carte de fid\u00e9lit\u00e9 [&hellip;]<\/p>\n","protected":false},"author":2,"featured_media":5331,"comment_status":"closed","ping_status":"closed","sticky":false,"template":"","format":"standard","meta":{"footnotes":""},"categories":[26],"tags":[],"class_list":["post-5330","post","type-post","status-publish","format-standard","has-post-thumbnail","hentry","category-blog"],"_links":{"self":[{"href":"https:\/\/www.scalesi.fr\/index.php\/wp-json\/wp\/v2\/posts\/5330","targetHints":{"allow":["GET"]}}],"collection":[{"href":"https:\/\/www.scalesi.fr\/index.php\/wp-json\/wp\/v2\/posts"}],"about":[{"href":"https:\/\/www.scalesi.fr\/index.php\/wp-json\/wp\/v2\/types\/post"}],"author":[{"embeddable":true,"href":"https:\/\/www.scalesi.fr\/index.php\/wp-json\/wp\/v2\/users\/2"}],"replies":[{"embeddable":true,"href":"https:\/\/www.scalesi.fr\/index.php\/wp-json\/wp\/v2\/comments?post=5330"}],"version-history":[{"count":6,"href":"https:\/\/www.scalesi.fr\/index.php\/wp-json\/wp\/v2\/posts\/5330\/revisions"}],"predecessor-version":[{"id":5794,"href":"https:\/\/www.scalesi.fr\/index.php\/wp-json\/wp\/v2\/posts\/5330\/revisions\/5794"}],"wp:featuredmedia":[{"embeddable":true,"href":"https:\/\/www.scalesi.fr\/index.php\/wp-json\/wp\/v2\/media\/5331"}],"wp:attachment":[{"href":"https:\/\/www.scalesi.fr\/index.php\/wp-json\/wp\/v2\/media?parent=5330"}],"wp:term":[{"taxonomy":"category","embeddable":true,"href":"https:\/\/www.scalesi.fr\/index.php\/wp-json\/wp\/v2\/categories?post=5330"},{"taxonomy":"post_tag","embeddable":true,"href":"https:\/\/www.scalesi.fr\/index.php\/wp-json\/wp\/v2\/tags?post=5330"}],"curies":[{"name":"wp","href":"https:\/\/api.w.org\/{rel}","templated":true}]}}